{"id":17070,"date":"2024-08-08T07:15:04","date_gmt":"2024-08-08T07:15:04","guid":{"rendered":"https:\/\/2024.bright-night.it\/?p=17070"},"modified":"2024-09-13T09:14:38","modified_gmt":"2024-09-13T09:14:38","slug":"economia-circolare-unisi-lorto-ed-il-frutteto-delle-studentesse-e-degli-studenti","status":"publish","type":"post","link":"https:\/\/2024.bright-night.it\/?p=17070","title":{"rendered":"Economia Circolare @ UNISI &#8211; L&#8217;orto ed il frutteto delle studentesse e degli studenti"},"content":{"rendered":"<p>Presentazione alla cittadinanza del progetto dell&#8217;orto e frutteto delle studentesse e degli studenti dell&#8217;Universit\u00e0 di Siena. L&#8217;obiettivo del progetto \u00e8 quello di avvicinare la comunit\u00e0 studentesca senese alla valorizzazione di un&#8217;area esterna del complesso universitario di San Francesco attraverso la coltura di ortaggi e alberi da frutto, favorendo l&#8217;aggregazione sociale, la sostenibilit\u00e0 ambientale e l&#8217;economia circolare.<\/p>\n<p><strong>SDGS<\/strong><br \/>\n3 &#8211; Salute e benessere<br \/>\n4 &#8211; Istruzione di qualit\u00e0<br \/>\n5 &#8211; Parit\u00e0 di genere<br \/>\n11 &#8211; Citt\u00e0 e comunit\u00e0 sostenibili<br \/>\n12 &#8211; Consumo e produzione responsabili<br \/>\n13 &#8211; Lotta contro il cambiamento climatico<br \/>\n15 &#8211; La vita sulla terra<\/p>\n<p><strong>A cura del<\/strong> DISAG<\/p>\n<p><strong>GRUPPO DI RICERCA<br \/>\n<\/strong>Massimiliano Montini<strong><br \/>\n<\/strong>Gruppo di ricerca della cattedra Jean Monnet <a href=\"https:\/\/ce4int.unisi.it\/\">CE4INT<\/a><\/p>\n","protected":false},"excerpt":{"rendered":"<p>Presentazione alla cittadinanza del progetto dell&#8217;orto e frutteto delle studentesse e degli studenti dell&#8217;Universit\u00e0 di Siena. L&#8217;obiettivo del progetto \u00e8 quello di avvicinare la comunit\u00e0 studentesca senese alla valorizzazione di un&#8217;area esterna del complesso universitario di San Francesco attraverso la coltura di ortaggi e alberi da frutto, favorendo l&#8217;aggregazione sociale, la sostenibilit\u00e0 ambientale e l&#8217;economia [&hellip;]<\/p>\n","protected":false},"author":19,"featured_media":17789,"comment_status":"closed","ping_status":"closed","sticky":false,"template":"","format":"standard","meta":{"kk_blocks_editor_width":"","_kiokenblocks_attr":"","_kiokenblocks_dimensions":"","footnotes":""},"categories":[82,90,97],"tags":[],"class_list":["post-17070","post","type-post","status-publish","format-standard","has-post-thumbnail","hentry","category-laboratori-e-dimostrazioni","category-siena","category-universita-di-siena"],"_links":{"self":[{"href":"https:\/\/2024.bright-night.it\/index.php?rest_route=\/wp\/v2\/posts\/17070","targetHints":{"allow":["GET"]}}],"collection":[{"href":"https:\/\/2024.bright-night.it\/index.php?rest_route=\/wp\/v2\/posts"}],"about":[{"href":"https:\/\/2024.bright-night.it\/index.php?rest_route=\/wp\/v2\/types\/post"}],"author":[{"embeddable":true,"href":"https:\/\/2024.bright-night.it\/index.php?rest_route=\/wp\/v2\/users\/19"}],"replies":[{"embeddable":true,"href":"https:\/\/2024.bright-night.it\/index.php?rest_route=%2Fwp%2Fv2%2Fcomments&post=17070"}],"version-history":[{"count":4,"href":"https:\/\/2024.bright-night.it\/index.php?rest_route=\/wp\/v2\/posts\/17070\/revisions"}],"predecessor-version":[{"id":18817,"href":"https:\/\/2024.bright-night.it\/index.php?rest_route=\/wp\/v2\/posts\/17070\/revisions\/18817"}],"wp:featuredmedia":[{"embeddable":true,"href":"https:\/\/2024.bright-night.it\/index.php?rest_route=\/wp\/v2\/media\/17789"}],"wp:attachment":[{"href":"https:\/\/2024.bright-night.it\/index.php?rest_route=%2Fwp%2Fv2%2Fmedia&parent=17070"}],"wp:term":[{"taxonomy":"category","embeddable":true,"href":"https:\/\/2024.bright-night.it\/index.php?rest_route=%2Fwp%2Fv2%2Fcategories&post=17070"},{"taxonomy":"post_tag","embeddable":true,"href":"https:\/\/2024.bright-night.it\/index.php?rest_route=%2Fwp%2Fv2%2Ftags&post=17070"}],"curies":[{"name":"wp","href":"https:\/\/api.w.org\/{rel}","templated":true}]}}