{"id":16985,"date":"2024-08-29T12:44:56","date_gmt":"2024-08-29T12:44:56","guid":{"rendered":"https:\/\/2024.bright-night.it\/?p=16985"},"modified":"2024-09-05T14:09:14","modified_gmt":"2024-09-05T14:09:14","slug":"conoscenza-e-liberta-conferenza","status":"publish","type":"post","link":"https:\/\/2024.bright-night.it\/?p=16985","title":{"rendered":"Conoscenza e libert\u00e0: conferenza"},"content":{"rendered":"<h3>L&#8217;Ateneo fiorentino e i giorni della Liberazione. L&#8217;Universit\u00e0 di Firenze per la Libert\u00e0<\/h3>\n<h4><span style=\"font-size: 16px;\">ASPETTANDO BRIGHT-NIGHT<\/span><\/h4>\n<p><em>Evento nell&#8217;ambito delle celebrazioni del Centenario di Ateneo<\/em><\/p>\n<p><span style=\"text-decoration: underline;\">Introduce<\/span>:<br \/>\nLuca Brogioni, Istituto Storico Toscano della Resistenza e dell&#8217;Et\u00e0 contemporanea;<br \/>\n<span style=\"text-decoration: underline;\">Interventi<\/span>:<br \/>\n&#8211; Irene Stolzi, Universit\u00e0 degli Studi di Firenze, <em>\u201cPiero Calamandrei Magnifico Rettore dell\u2019Universit\u00e0 degli studi di Firenze 1943-1947\u201d<\/em>;<br \/>\n&#8211; Daniele Dominici, INFN, <em>\u201cRadio Co.Ra e il contributo di studenti e docenti dell\u2019Ateneo fiorentino\u201d<\/em>.<\/p>\n<p>L&#8217;incontro si svolger\u00e0 nel Salone di Villa Cristina, situato nell&#8217;ala destra dell&#8217;edificio.<\/p>\n<p>A cura di Istituto Storico Toscano della Resistenza e dell&#8217;Et\u00e0 contemporanea.<\/p>\n<p><b>INGRESSO LIBERO FINO AD ESAURIMENTO POSTI<\/b><\/p>\n<p>&nbsp;<\/p>\n","protected":false},"excerpt":{"rendered":"<p>L&#8217;Ateneo fiorentino e i giorni della Liberazione. L&#8217;Universit\u00e0 di Firenze per la Libert\u00e0 ASPETTANDO BRIGHT-NIGHT Evento nell&#8217;ambito delle celebrazioni del Centenario di Ateneo Introduce: Luca Brogioni, Istituto Storico Toscano della Resistenza e dell&#8217;Et\u00e0 contemporanea; Interventi: &#8211; Irene Stolzi, Universit\u00e0 degli Studi di Firenze, \u201cPiero Calamandrei Magnifico Rettore dell\u2019Universit\u00e0 degli studi di Firenze 1943-1947\u201d; &#8211; Daniele [&hellip;]<\/p>\n","protected":false},"author":45,"featured_media":18533,"comment_status":"closed","ping_status":"closed","sticky":false,"template":"","format":"standard","meta":{"kk_blocks_editor_width":"","_kiokenblocks_attr":"","_kiokenblocks_dimensions":"","footnotes":""},"categories":[88,86,96],"tags":[],"class_list":["post-16985","post","type-post","status-publish","format-standard","has-post-thumbnail","hentry","category-firenze","category-mini-conferenze-e-incontri","category-universita-degli-studi-di-firenze"],"_links":{"self":[{"href":"https:\/\/2024.bright-night.it\/index.php?rest_route=\/wp\/v2\/posts\/16985","targetHints":{"allow":["GET"]}}],"collection":[{"href":"https:\/\/2024.bright-night.it\/index.php?rest_route=\/wp\/v2\/posts"}],"about":[{"href":"https:\/\/2024.bright-night.it\/index.php?rest_route=\/wp\/v2\/types\/post"}],"author":[{"embeddable":true,"href":"https:\/\/2024.bright-night.it\/index.php?rest_route=\/wp\/v2\/users\/45"}],"replies":[{"embeddable":true,"href":"https:\/\/2024.bright-night.it\/index.php?rest_route=%2Fwp%2Fv2%2Fcomments&post=16985"}],"version-history":[{"count":12,"href":"https:\/\/2024.bright-night.it\/index.php?rest_route=\/wp\/v2\/posts\/16985\/revisions"}],"predecessor-version":[{"id":18541,"href":"https:\/\/2024.bright-night.it\/index.php?rest_route=\/wp\/v2\/posts\/16985\/revisions\/18541"}],"wp:featuredmedia":[{"embeddable":true,"href":"https:\/\/2024.bright-night.it\/index.php?rest_route=\/wp\/v2\/media\/18533"}],"wp:attachment":[{"href":"https:\/\/2024.bright-night.it\/index.php?rest_route=%2Fwp%2Fv2%2Fmedia&parent=16985"}],"wp:term":[{"taxonomy":"category","embeddable":true,"href":"https:\/\/2024.bright-night.it\/index.php?rest_route=%2Fwp%2Fv2%2Fcategories&post=16985"},{"taxonomy":"post_tag","embeddable":true,"href":"https:\/\/2024.bright-night.it\/index.php?rest_route=%2Fwp%2Fv2%2Ftags&post=16985"}],"curies":[{"name":"wp","href":"https:\/\/api.w.org\/{rel}","templated":true}]}}