{"id":16497,"date":"2024-08-01T10:49:37","date_gmt":"2024-08-01T10:49:37","guid":{"rendered":"https:\/\/2024.bright-night.it\/?p=16497"},"modified":"2024-09-20T11:24:30","modified_gmt":"2024-09-20T11:24:30","slug":"artisti-ribelli-e-libertini-viaggiatori-stranieri-in-toscana","status":"publish","type":"post","link":"https:\/\/2024.bright-night.it\/?p=16497","title":{"rendered":"Artisti, ribelli e libertini: viaggiatori stranieri in Toscana"},"content":{"rendered":"<p>L\u2019attivit\u00e0 proposta prevede una staffetta di 5\/6 mini-seminari (ca. 15\/20 minuti l\u2019uno) in cui verranno presentati libri, memorie, opere d\u2019arte di artisti e letterati stranieri in viaggio in Italia (uno per ciascuna lingua del corso di laurea in \u201cLingue per gli studi interculturali e d\u2019impresa\u201d: francese, tedesco, russo, spagnolo, inglese e cinese). Particolare rilievo verr\u00e0 dato al viaggio in Toscana in quanto regione tradizionalmente esclusa dai classici itinerari del Grand Tour sei-settecentesco, in modo da mettere in luce alcuni aspetti pi\u00f9 in ombra del solidissimo legame tra storia letteraria e l&#8217;esperienza del viaggio. L&#8217;iniziativa si orienter\u00e0 su un format agile e di interazione con il pubblico (Q&amp;A, curiosit\u00e0 o quiz finali), e si svolger\u00e0 in collaborazione con la libreria aretina Edison libri, in piazza Risorgimento, attigua a Borsa Merci, situata in ottima posizione del centro citt\u00e0.<\/p>\n<p><strong>SDGS<\/strong><br \/>\n2 &#8211; Sconfiggere la fame<br \/>\n3 &#8211; Salute e benessere<br \/>\n4 &#8211; Istruzione di qualit\u00e0<br \/>\n8 &#8211; Lavoro dignitoso e crescita economica<\/p>\n<p><strong>A cura del<\/strong> DFCLAM<\/p>\n<p><strong>GRUPPO DI RICERCA<br \/>\n<\/strong>David Matteini<br \/>\nComparto letterature straniere DFCLAM Arezzo<\/p>\n<p><strong>PROGRAMMA<\/strong><\/p>\n<ul>\n<li style=\"font-weight: 400;\"><strong>Alessandra Carbone<\/strong>\u00a0\u201cCortesie per gli ospiti: da Mosca alla corte dei Medici\u201d<\/li>\n<li style=\"font-weight: 400;\"><strong>Simone Zacchini<\/strong>\u00a0\u201cUn giorno a Pisa con Nietzsche: il Chianti, i cammelli e le tre torri (e non per effetto del vino&#8230;)\u201d<\/li>\n<li style=\"font-weight: 400;\"><strong>Julio P\u00e9rez-Ugena<\/strong>\u00a0\u201cIl viaggio in Italia di due illuministi spagnoli: Juan Andr\u00e9s e Leandro Fern\u00e1ndez de Morat\u00edn\u201d<\/li>\n<li style=\"font-weight: 400;\"><strong>Linda Puccioni<\/strong>\u00a0\u201cL\u2019Italia dei tedeschi: tutta colpa di Goethe?\u201d<\/li>\n<li style=\"font-weight: 400;\"><strong>David Matteini<\/strong>\u00a0\u201cIl mal\u2019aere toscano. Il Marchese de Sade in Toscana\u201d<\/li>\n<li style=\"font-weight: 400;\"><strong>Luca Baratta<\/strong>\u00a0\u201cStrade sporche, orde di accattoni e bancarelle piene di frutta e maccheroni: Arezzo nelle impressioni di viaggio dell&#8217;indipendentista irlandese Lady Morgan\u201d<\/li>\n<li style=\"font-weight: 400;\"><strong>Ornella De Nigris<\/strong>\u00a0\u201cPennelli romantici e sognatori: la Toscana nelle opere dei viaggiatori cinesi fra gli anni Venti e Trenta\u201d<\/li>\n<\/ul>\n<p style=\"font-weight: 400;\">Coordina\u00a0<strong>Simona Micali<\/strong><\/p>\n<p style=\"font-weight: 400;\">Ore\u00a0<strong>19.00 &#8211;<\/strong>\u00a0<strong>Aperitivo<\/strong>\u00a0offerto da Unisiena a cura di \u201c<strong>Dolce Salato\u201d<\/strong><\/p>\n<p><a href=\"https:\/\/2024.bright-night.it\/wp-content\/uploads\/2024\/08\/Bright-Locandina-DFCLAM-scaled.jpg\"><img loading=\"lazy\" decoding=\"async\" class=\"alignnone wp-image-19316 size-large\" src=\"https:\/\/2024.bright-night.it\/wp-content\/uploads\/2024\/08\/Bright-Locandina-DFCLAM-724x1024.jpg\" alt=\"\" width=\"724\" height=\"1024\" srcset=\"https:\/\/2024.bright-night.it\/wp-content\/uploads\/2024\/08\/Bright-Locandina-DFCLAM-724x1024.jpg 724w, https:\/\/2024.bright-night.it\/wp-content\/uploads\/2024\/08\/Bright-Locandina-DFCLAM-212x300.jpg 212w, https:\/\/2024.bright-night.it\/wp-content\/uploads\/2024\/08\/Bright-Locandina-DFCLAM-768x1086.jpg 768w, https:\/\/2024.bright-night.it\/wp-content\/uploads\/2024\/08\/Bright-Locandina-DFCLAM-1086x1536.jpg 1086w, https:\/\/2024.bright-night.it\/wp-content\/uploads\/2024\/08\/Bright-Locandina-DFCLAM-1448x2048.jpg 1448w, https:\/\/2024.bright-night.it\/wp-content\/uploads\/2024\/08\/Bright-Locandina-DFCLAM-370x523.jpg 370w, https:\/\/2024.bright-night.it\/wp-content\/uploads\/2024\/08\/Bright-Locandina-DFCLAM-270x382.jpg 270w, https:\/\/2024.bright-night.it\/wp-content\/uploads\/2024\/08\/Bright-Locandina-DFCLAM-570x806.jpg 570w, https:\/\/2024.bright-night.it\/wp-content\/uploads\/2024\/08\/Bright-Locandina-DFCLAM-740x1047.jpg 740w, https:\/\/2024.bright-night.it\/wp-content\/uploads\/2024\/08\/Bright-Locandina-DFCLAM-scaled.jpg 1810w\" sizes=\"auto, (max-width: 724px) 100vw, 724px\" \/><\/a><\/p>\n","protected":false},"excerpt":{"rendered":"<p>L\u2019attivit\u00e0 proposta prevede una staffetta di 5\/6 mini-seminari (ca. 15\/20 minuti l\u2019uno) in cui verranno presentati libri, memorie, opere d\u2019arte di artisti e letterati stranieri in viaggio in Italia (uno per ciascuna lingua del corso di laurea in \u201cLingue per gli studi interculturali e d\u2019impresa\u201d: francese, tedesco, russo, spagnolo, inglese e cinese). Particolare rilievo verr\u00e0 [&hellip;]<\/p>\n","protected":false},"author":19,"featured_media":18370,"comment_status":"closed","ping_status":"closed","sticky":false,"template":"","format":"standard","meta":{"kk_blocks_editor_width":"","_kiokenblocks_attr":"","_kiokenblocks_dimensions":"","footnotes":""},"categories":[112,86,97],"tags":[],"class_list":["post-16497","post","type-post","status-publish","format-standard","has-post-thumbnail","hentry","category-arezzo","category-mini-conferenze-e-incontri","category-universita-di-siena"],"_links":{"self":[{"href":"https:\/\/2024.bright-night.it\/index.php?rest_route=\/wp\/v2\/posts\/16497","targetHints":{"allow":["GET"]}}],"collection":[{"href":"https:\/\/2024.bright-night.it\/index.php?rest_route=\/wp\/v2\/posts"}],"about":[{"href":"https:\/\/2024.bright-night.it\/index.php?rest_route=\/wp\/v2\/types\/post"}],"author":[{"embeddable":true,"href":"https:\/\/2024.bright-night.it\/index.php?rest_route=\/wp\/v2\/users\/19"}],"replies":[{"embeddable":true,"href":"https:\/\/2024.bright-night.it\/index.php?rest_route=%2Fwp%2Fv2%2Fcomments&post=16497"}],"version-history":[{"count":7,"href":"https:\/\/2024.bright-night.it\/index.php?rest_route=\/wp\/v2\/posts\/16497\/revisions"}],"predecessor-version":[{"id":19319,"href":"https:\/\/2024.bright-night.it\/index.php?rest_route=\/wp\/v2\/posts\/16497\/revisions\/19319"}],"wp:featuredmedia":[{"embeddable":true,"href":"https:\/\/2024.bright-night.it\/index.php?rest_route=\/wp\/v2\/media\/18370"}],"wp:attachment":[{"href":"https:\/\/2024.bright-night.it\/index.php?rest_route=%2Fwp%2Fv2%2Fmedia&parent=16497"}],"wp:term":[{"taxonomy":"category","embeddable":true,"href":"https:\/\/2024.bright-night.it\/index.php?rest_route=%2Fwp%2Fv2%2Fcategories&post=16497"},{"taxonomy":"post_tag","embeddable":true,"href":"https:\/\/2024.bright-night.it\/index.php?rest_route=%2Fwp%2Fv2%2Ftags&post=16497"}],"curies":[{"name":"wp","href":"https:\/\/api.w.org\/{rel}","templated":true}]}}